{"id":454,"date":"2011-09-03T17:41:14","date_gmt":"2011-09-03T15:41:14","guid":{"rendered":"http:\/\/www.stepponat.de\/blog\/?p=454"},"modified":"2025-12-27T18:10:16","modified_gmt":"2025-12-27T16:10:16","slug":"entspannung-und-ruhe-in-carpentras","status":"publish","type":"post","link":"https:\/\/www.stepponat.de\/blog\/archive\/454","title":{"rendered":"Entspannung und Ruhe in Carpentras"},"content":{"rendered":"\n<p>So, schnell raus aus dem Hotel in Millau und ab nach Carpentras &#8211; die Route f\u00fchrt uns am Tarn entlang \u00fcber den Mont Aigoual nach Florac und von dort \u00fcber den Le Pont de Montvert \u00fcber Genolhac und Villefort in die Gorges de l&#8217;Ardeche nach Carpentras.<br>Also immer brav der D901 folgen.<br>An und f\u00fcr sich eine recht unspektakul\u00e4re Route &#8211; insbesondere wenn man die Berge noch im Kopf hat. Aber f\u00fcr Anf\u00e4nger ist das sicherlich ne sch\u00f6ne Strecke, da die Stra\u00dfen im mittelpr\u00e4chtigen bis guten Zustand sind. <br>Und wenn ich das richtig in Erinnerung habe, macht die Anfahrt zum Col du Mas de&#8217;l Air -also der Abschnitt zwischen Villefort und Les Vans besonders viel Laune, da hier recht breite Stra\u00dfen mit schnell wechselnden Kurven zu fahren sind.<\/p>\n\n\n\n<p>Die Gorges de l&#8217;Ardeche sind eine wahre Augenweide, aber leider doch touristisch voll erschlossen und dem entsprechend auch \u00fcberlaufen. Wobei \u00fcberlaufen wohl das falsche Wort ist. Nur weil wir in den letzten Tagen so gut wie keinen Verkehr hatten und jetzt mal 20-30 Autos, bzw. Wohnmobile auf der Strecke stehen kommt einem das eben extrem voll vor. Und die Motorradguppe die wir \u00fcberholen durften werden die Bielefelder wohl als rasende R\u00fcpel in Erinnerung behalten &#8211; so wir wir die Gruppe als inakzeptables Verkehrshindernis betrachten. Wer FILMT denn w\u00e4hrend der Fahrt???<br>Also ich schon, aber das geht ja automatisch&#8230;<\/p>\n\n\n\n<p>Naja, jetzt haben wir auch schon wieder Samstag und letztendlich mal einen Ruhetag eingelegt. Wobei das relativ zu sehen ist &#8211; die B\u00f6cke m\u00fcssen ja bewegt werden, also kurz r\u00fcber und &#8217;ne Schlucht um die Ecke besucht um dann den Berg des Windes zu erklimmen. Bei leichtem Regen und vieeeel Wind machen wir dann doch noch insgesamt 100km. Was aber gemessen an den km der letzten Tage mit einem Ruhetag vergleichbar ist.<\/p>\n\n\n\n<p>Der Wetterbericht f\u00fcr morgen ist eher auf Regen ausgelegt &#8211; aber die Tour f\u00fchrt uns auch &#8217;nur&#8216; nach Grenoble und k\u00f6nnte mit 260km vergleichsweise kurz werden&#8230;<\/p>\n\n\n\n<p><\/p>\n","protected":false},"excerpt":{"rendered":"<p>So, schnell raus aus dem Hotel in Millau und ab nach Carpentras &#8211; die Route f\u00fchrt uns am Tarn entlang \u00fcber den Mont Aigoual nach Florac und von dort \u00fcber den Le Pont de Montvert \u00fcber Genolhac und Villefort in die Gorges de l&#8217;Ardeche nach Carpentras.Also immer brav der D901 folgen.An und f\u00fcr sich eine [&hellip;]<\/p>\n","protected":false},"author":2,"featured_media":0,"comment_status":"open","ping_status":"open","sticky":false,"template":"","format":"standard","meta":{"_uag_custom_page_level_css":"","jetpack_post_was_ever_published":false,"_jetpack_newsletter_access":"","_jetpack_dont_email_post_to_subs":false,"_jetpack_newsletter_tier_id":0,"_jetpack_memberships_contains_paywalled_content":false,"_jetpack_memberships_contains_paid_content":false,"footnotes":"","jetpack_publicize_message":"","jetpack_publicize_feature_enabled":true,"jetpack_social_post_already_shared":false,"jetpack_social_options":{"image_generator_settings":{"template":"highway","default_image_id":0,"font":"","enabled":false},"version":2}},"categories":[1,3,16],"tags":[],"class_list":["post-454","post","type-post","status-publish","format-standard","hentry","category-aktuell","category-motorradtouren","category-pyrenaen"],"jetpack_publicize_connections":[],"jetpack_featured_media_url":"","uagb_featured_image_src":{"full":false,"thumbnail":false,"medium":false,"medium_large":false,"large":false,"1536x1536":false,"2048x2048":false},"uagb_author_info":{"display_name":"Matthias","author_link":"https:\/\/www.stepponat.de\/blog\/archive\/author\/matthias"},"uagb_comment_info":1,"uagb_excerpt":"So, schnell raus aus dem Hotel in Millau und ab nach Carpentras &#8211; die Route f\u00fchrt uns am Tarn entlang \u00fcber den Mont Aigoual nach Florac und von dort \u00fcber den Le Pont de Montvert \u00fcber Genolhac und Villefort in die Gorges de l&#8217;Ardeche nach Carpentras.Also immer brav der D901 folgen.An und f\u00fcr sich eine&hellip;","jetpack_sharing_enabled":true,"jetpack_shortlink":"https:\/\/wp.me\/p3AlH9-7k","jetpack_likes_enabled":true,"_links":{"self":[{"href":"https:\/\/www.stepponat.de\/blog\/wp-json\/wp\/v2\/posts\/454","targetHints":{"allow":["GET"]}}],"collection":[{"href":"https:\/\/www.stepponat.de\/blog\/wp-json\/wp\/v2\/posts"}],"about":[{"href":"https:\/\/www.stepponat.de\/blog\/wp-json\/wp\/v2\/types\/post"}],"author":[{"embeddable":true,"href":"https:\/\/www.stepponat.de\/blog\/wp-json\/wp\/v2\/users\/2"}],"replies":[{"embeddable":true,"href":"https:\/\/www.stepponat.de\/blog\/wp-json\/wp\/v2\/comments?post=454"}],"version-history":[{"count":6,"href":"https:\/\/www.stepponat.de\/blog\/wp-json\/wp\/v2\/posts\/454\/revisions"}],"predecessor-version":[{"id":3721,"href":"https:\/\/www.stepponat.de\/blog\/wp-json\/wp\/v2\/posts\/454\/revisions\/3721"}],"wp:attachment":[{"href":"https:\/\/www.stepponat.de\/blog\/wp-json\/wp\/v2\/media?parent=454"}],"wp:term":[{"taxonomy":"category","embeddable":true,"href":"https:\/\/www.stepponat.de\/blog\/wp-json\/wp\/v2\/categories?post=454"},{"taxonomy":"post_tag","embeddable":true,"href":"https:\/\/www.stepponat.de\/blog\/wp-json\/wp\/v2\/tags?post=454"}],"curies":[{"name":"wp","href":"https:\/\/api.w.org\/{rel}","templated":true}]}}